{"id":3040,"date":"2024-02-07T10:55:21","date_gmt":"2024-02-07T09:55:21","guid":{"rendered":"https:\/\/www.cg-koeln-ost.de\/start\/?p=3040"},"modified":"2024-08-15T14:03:30","modified_gmt":"2024-08-15T12:03:30","slug":"gemeindebrief-3","status":"publish","type":"post","link":"https:\/\/www.cg-koeln-ost.de\/start\/?p=3040","title":{"rendered":"Gemeindebrief"},"content":{"rendered":"\n<p>Liebe Mitglieder und Freunde! <\/p>\n\n\n\n<p>Zusammen mit diesem Brief erhalten Sie das n\u00e4chste Programm der Gemeinde K\u00f6ln-Ost. Es wird bis zum Sommer wieder Konzerte geben und eine Kunstausstellung, Vortr\u00e4ge und Feste. Im Folgenden m\u00f6chte ich einige Besonderheiten dieses Programmes herausgreifen. <\/p>\n\n\n\n<p><strong>Ostern &amp; Konfirmation: <\/strong><br>Was mich besonders freut ist, dass wir eine Konfirmation am 1. April (Ostermontag) um 10 Uhr in unserer Kirche feiern werden. Es ist etwas ungew\u00f6hnlich, dass es nur eine Konfirmandin gibt, aber umso gr\u00f6sser ist meine Dankbarkeit diese Konfirmation bei uns erleben zu d\u00fcrfen. Herr Rolka wird am Ostersonntag um 18 Uhr einen Vortrag zur Einstimmung auf die Konfirmation halten. Sie sind herzlich eingeladen sowohl den Vortrag, wie auch die Konfirmation mitzufeiern. <\/p>\n\n\n\n<p><strong>Himmelfahrt: <\/strong><br>Zwischen Himmel und Erde!<br>Von Donnerstag, den 9. Mai, bis Samstag, den 11. Mai, wollen wir mit allen Gemeinden im Gebiet zusammenarbeiten, Werkstatttage zu Himmelfahrt veranstalten. Das Gel\u00e4nde des \u201eKinder und Jugendcamps Hardt\u201c, in Oer-Erkenschwick bietet uns daf\u00fcr einen wunderbaren Ort. So hat jeder die M\u00f6glichkeit den Tag dort zu verbringen und im eigenen Bett zu schlafen. Wer etwas abenteuerlicher veranlagt ist, kann aber auch in einem der Zelth\u00e4user vor Ort \u00fcbernachten oder sein eigenes Zelt mitbringen.<\/p>\n\n\n\n<p>Wir m\u00f6chten gemeinsam mit Gro\u00df und Klein, das hei\u00dft, mit jedem im Alter von 0-100, die Himmelfahrtstage nutzen, um dem Himmelfahrtsereignis n\u00e4her zu kommen, gemeinsam den Kultus zu erleben, Dinge f\u00fcr den Kultus in unseren Werkst\u00e4tten herzustellen: es wird eine Kerzen- und Kohle-Werkstatt geben, oder einfach in anderen Gebieten zusammen zu kommen. Es wird Aktivit\u00e4ten wie T\u00f6pfern, Meditieren, Bildbetrachtung, Brot backen, Stockfechten, Evangelienarbeit, Spiele, Singen, gemeinsames Kochen, Vorlesen und vieles mehr geben. Und nat\u00fcrlich wird es auch reichlich Zeit geben, mit den anderen Gemeinden in einen Austausch zu kommen. Alles weitere zur Anmeldung entnehmen Sie bitte dem Flyer, der bald in der Gemeinde ausliegt.<\/p>\n\n\n\n<p><strong>Pfingsten:<\/strong><br>Im letzten Jahr konnte das Seminar mit Ursang und Vital-Eurythmie leider nicht stattfinden. In diesem Jahr wird Herr van Emmichoven seinen Ursang-Workshop vom 17.-19. Mai anbieten. Jeweils von 14-18 Uhr. Eine Anmeldung ist erforderlich und es gibt auch einen Anmeldeschluss, jedoch hoffe ich, dass wir in diesem Jahr diesem au\u00dfergew\u00f6hnlichen Erlebnis Raum geben k\u00f6nnen.<\/p>\n\n\n\n<p>An den 3 Pfingsttagen werde ich jeweils nach der Sonntagshandlung f\u00fcr die Kinder und am Montag und Dienstag nach der Menschenweihehandlung Vortr\u00e4ge von Rudolf Steiner zu dem Thema Pfingsten vorlesen. Diese Form der Vertiefung eines Themas hat sich bew\u00e4hrt und so freue ich mich auf die Erfahrung, was es an Pfingsten mit uns tut. Es sind die Vortr\u00e4ge wie folgt:<\/p>\n\n\n\n<p>Aus der GA 98 \u201eDas Pfingstfest des seelischen Zusammenstrebens und des Arbeitens an der Vergeistigung der Welt\u201c zwei Vortr\u00e4ge, gehalten in K\u00f6ln, am 7. und 9. Juni 1908.<br>Aus der GA 118 \u201ePfingsten, das Fest der freien Individualit\u00e4t\u201c ein Vortrag gehalten in Hamburg, am Pfingstsonntag, 15. Mai 1910.<\/p>\n\n\n\n<p><strong>Johanni<\/strong><br>Dieses Jahr liegt Johanni nicht in den Schulferien, auch nicht direkt am Anfang der Schulferien, sondern so, dass wir am Samstag, den 29. Juni, ein richtiges Fest feiern k\u00f6nnen. Mit Spiel und Tanz und Konzert, Feuer und Stockbrot und hoffentlich bei bestem Sommerwetter drau\u00dfen bis sp\u00e4t in den Abend hinein. Wir werden eine Grill-M\u00f6glichkeit organisieren und jeder bringt etwas mit, sodass auch eine gemeinsame Mahlzeit m\u00f6glich wird. Das Konzert ist um 18 Uhr und kann nat\u00fcrlich v\u00f6llig unabh\u00e4ngig von allem anderen besucht werden. Am Sonntag, den 30. Juni, wird Herr Dr. Wilfried Schubert um 11:30 Uhr mit dem Thema \u201eDer Mensch in W\u00e4rme und Licht\u201c zu uns sprechen.<br>So erleben wir an einem Wochenende Gemeinschaft, Kunst und Impulskraft miteinander. Ob uns das der Antwort auf die Frage \u201eWas feiern wir zu Johanniszeit?\u201c n\u00e4herbringt? \u2013<\/p>\n\n\n\n<p><strong>Impuls<\/strong><br>In dieser Woche h\u00f6ren wir in der Menschenweihehandlung das Evangelium \u201eDie Arbeiter im Weinberg\u201c, Matth\u00e4us 20, Vers 1-16. Was mich als Motiv diese Woche bewegt, ist die Unzufriedenheit derjenigen, die sich gleichgestellt f\u00fchlen mit den anderen, welche sp\u00e4ter zur Arbeit kamen, und die damit nicht zufrieden sind. Das Leben im K\u00f6nigreich der Himmel gleicht einem Hausherrn auf Erden, der eben auf diese Weise mit den Arbeitern umgeht, wie er es f\u00fcr gerecht h\u00e4lt. Er h\u00e4lt sich an die Abmachung mit seinen Arbeitern. Er urteilt nicht \u00fcber die Dauer der Arbeit. Er belohnt die Bereitschaft zu arbeiten.<\/p>\n\n\n\n<p>Wir kennen das ganz gut untereinander, dass wir denken, da ist einer doch viel sp\u00e4ter dazugekommen, oder gar zu sp\u00e4t gekommen, der kann doch nicht mitreden. Aber doch, das kann er sehr wohl. Denn vor unserem Hausherrn, dem Christus, versammeln wir uns am Altar. Jeder dem anderen gleichgestellt. In die gleiche Richtung blickend. Keiner f\u00e4llt dort sein Urteil und kann dar\u00fcber klagen, dass ein anderer nicht da sein d\u00fcrfte. Jeder erh\u00e4lt ein St\u00fcckchen Brot und einen kleinen Schluck aus dem Kelch. Ob er nun reich, oder arm, flei\u00dfig, oder faul, g\u00fctig oder b\u00f6se ist. Worauf es ankommt ist, dass ein jeder sich bem\u00fcht und aus freiem Willen daran arbeitet, seine Beziehung zur Gemeinschaft des Christus zu pflegen.<\/p>\n\n\n\n<p>Wie w\u00e4re es denn, wenn wir an dieser Stelle h\u00f6ren w\u00fcrden, dass sich die Arbeiter bedanken? Sich bedanken, dass sie arbeiten konnten und ihren Lohn erhielten? Ist der Lohn nicht der Dank des Hausherrn f\u00fcr die getane Arbeit? Warum erscheinen uns die Dinge so rasch als selbstverst\u00e4ndlich, aber ein Dank als so gro\u00dfe M\u00fchsal?<br>So k\u00f6nnten wir abends im Erinnern des Tages anstelle des Murrens gegen\u00fcber all dem, was nicht so ist, wie wir es gerne h\u00e4tten, Dankbarkeit erf\u00fchlen f\u00fcr das, was uns gegeben ist. 1 Denar. 1 Leben.<br>In diesem Sinne w\u00fcnsche ich uns eine arbeitsame und erf\u00fcllende Zeit und so oft es geht einen lichten Gedanken in all unserem Tun, damit sich ein Gef\u00fchl der Dankbarkeit einstellen m\u00f6ge und den Verdruss vertreibt, der uns nur allzu gern in die Quere kommt. <\/p>\n\n\n\n<p>Herzliche Gr\u00fc\u00dfe<br>Ihre Anna Hofer<\/p>\n\n\n\n<p><a href=\"https:\/\/www.cg-koeln-ost.de\/start\/wp-content\/uploads\/2024\/02\/Gemeindebrief-Februar-2024.pdf\" target=\"_blank\" rel=\"noreferrer noopener\">Download Gemeindebrief<\/a> <\/p>\n\n\n\n<p><a href=\"https:\/\/www.cg-koeln-ost.de\/start\/wp-content\/uploads\/2023\/10\/Gemeindeprogramm-Koeln-Ost-HW-2023-V2.pdf\" target=\"_blank\" rel=\"noreferrer noopener\">Download Gemeindeprogramm<\/a><\/p>\n\n\n\n<p><a href=\"https:\/\/www.cg-koeln-ost.de\/start\/wp-content\/uploads\/2024\/02\/Familienprogramm-Koeln-Ost-FS-2024.pdf\" target=\"_blank\" rel=\"noreferrer noopener\">Download Familienprogramm<\/a><\/p>\n","protected":false},"excerpt":{"rendered":"<p>Zusammen mit diesem Brief erhalten Sie das n\u00e4chste Programm der Gemeinde K\u00f6ln-Ost.<\/p>\n","protected":false},"author":2,"featured_media":0,"comment_status":"closed","ping_status":"open","sticky":false,"template":"","format":"standard","meta":{"footnotes":""},"categories":[3],"tags":[],"class_list":["post-3040","post","type-post","status-publish","format-standard","hentry","category-aktuelles"],"_links":{"self":[{"href":"https:\/\/www.cg-koeln-ost.de\/start\/index.php?rest_route=\/wp\/v2\/posts\/3040","targetHints":{"allow":["GET"]}}],"collection":[{"href":"https:\/\/www.cg-koeln-ost.de\/start\/index.php?rest_route=\/wp\/v2\/posts"}],"about":[{"href":"https:\/\/www.cg-koeln-ost.de\/start\/index.php?rest_route=\/wp\/v2\/types\/post"}],"author":[{"embeddable":true,"href":"https:\/\/www.cg-koeln-ost.de\/start\/index.php?rest_route=\/wp\/v2\/users\/2"}],"replies":[{"embeddable":true,"href":"https:\/\/www.cg-koeln-ost.de\/start\/index.php?rest_route=%2Fwp%2Fv2%2Fcomments&post=3040"}],"version-history":[{"count":3,"href":"https:\/\/www.cg-koeln-ost.de\/start\/index.php?rest_route=\/wp\/v2\/posts\/3040\/revisions"}],"predecessor-version":[{"id":3044,"href":"https:\/\/www.cg-koeln-ost.de\/start\/index.php?rest_route=\/wp\/v2\/posts\/3040\/revisions\/3044"}],"wp:attachment":[{"href":"https:\/\/www.cg-koeln-ost.de\/start\/index.php?rest_route=%2Fwp%2Fv2%2Fmedia&parent=3040"}],"wp:term":[{"taxonomy":"category","embeddable":true,"href":"https:\/\/www.cg-koeln-ost.de\/start\/index.php?rest_route=%2Fwp%2Fv2%2Fcategories&post=3040"},{"taxonomy":"post_tag","embeddable":true,"href":"https:\/\/www.cg-koeln-ost.de\/start\/index.php?rest_route=%2Fwp%2Fv2%2Ftags&post=3040"}],"curies":[{"name":"wp","href":"https:\/\/api.w.org\/{rel}","templated":true}]}}