{"id":2974,"date":"2023-09-26T11:02:32","date_gmt":"2023-09-26T09:02:32","guid":{"rendered":"https:\/\/www.cg-koeln-ost.de\/start\/?p=2974"},"modified":"2024-02-07T10:49:26","modified_gmt":"2024-02-07T09:49:26","slug":"gemeindebrief-2","status":"publish","type":"post","link":"https:\/\/www.cg-koeln-ost.de\/start\/?p=2974","title":{"rendered":"Gemeindebrief"},"content":{"rendered":"\n<p class=\"has-text-align-center\"><strong>September 2023<\/strong><\/p>\n\n\n\n<p class=\"has-text-align-left\">Liebe Mitglieder und Freunde! <\/p>\n\n\n\n<p>Immer wieder bin ich erstaunt dar\u00fcber, was alles an Veranstaltungen zusammenkommt und erm\u00f6g-licht wird, aber immer wieder wird mir auch bewusst, dass das Wichtigste von all dem, was uns in der Gemeinde zusammenf\u00fchrt, die Menschenweihehandlung ist. Menschen kommen zusammen und vereinen sich in Ernsthaftigkeit und heiliger Feierlichkeit. Dieser kraftvolle Akt der freien, individuellen, aber gemeinsamen Tat, ist in der heutigen Zeit ein wahres Wunder. <\/p>\n\n\n\n<p>Stellen Sie sich vor, es g\u00e4be keine Menschenweihehandlung, dann w\u00e4ren wir ein lustiger Haufen der sich zu Konzerten und Vortr\u00e4gen trifft. Wir w\u00fcrden uns nach Sympathie gruppieren und es g\u00e4be bald keinen Grund mehr, an diesem Ort zusammen zu kommen, denn da gibt es bessere Konzerthallen, da gibt es ber\u00fchmtere Lesungen und gr\u00f6\u00dfere Feste. &#8211; Was uns also immer \u00fcber alles hinweg zu einer Gemeinschaft, zu einer Gemeinde erhebt, ist die Beziehung zum Kultus. Und diese Beziehung bedeutet Kraft. Viel mehr Kraft, als man sich das vorstellen kann. <\/p>\n\n\n\n<p>Manche Menschen kommen zu uns und sp\u00fcren sofort, dass sie dazu geh\u00f6ren, ohne zu wissen warum. Andere Menschen kommen vielleicht nur zu den Vortr\u00e4gen, oder zu einem Konzert. Manche trinken im Philia-Caf\u00e9 einen Kaffee und wagen erst dann einen Schritt in die Kirche und staunen \u00fcber die schlichte Sch\u00f6nheit. Aber alle kommen in Ber\u00fchrung mit der Menschenweihehandlung, da jede Begegnung, sei es mit dem Geb\u00e4ude, mit den Menschen oder den R\u00e4umlichkeiten, von ihr durchdrungen ist. <\/p>\n\n\n\n<p>Ich bin dankbar \u00fcber die rege und treue Beteiligung, welche ich in dieser Gemeinde miterleben darf, und freue mich, Ihnen ein vielf\u00e4ltiges Gemeindeprogramm \u00fcbergeben zu k\u00f6nnen! Das Programm ist nun so konzipiert, dass die Veranstaltungen m\u00f6glichst leicht zu finden sind. Auf der vierten Seite finden Sie die \u00f6ffentlichen Kurse und auf der f\u00fcnften Seite die Daten der Menschenweihehandlung und der Sonntagshandlung. Wir haben wieder ein sch\u00f6nes Angebot an Konzerten und Lesungen und besonderen Vortr\u00e4gen. In der Evangelien-Arbeit besch\u00e4ftigen wir uns mit der Bergpredigt und mit Matth\u00e4us und was das mit uns zu tun hat. Wir entdecken jedes Mal, wie unglaublich reichhaltig und belebend diese Arbeit ist. Gerade weil wir alle so unterschiedlich sind und um ein gemeinsames Verst\u00e4ndnis ringen. Wir lernen, dass das Evangelium wirklich im Alltag spricht und so unglaublich Vieles \u00fcber uns selbst aussagt. In unserem Lesekreis am Freitagnachmittag arbeiten wir ganz \u00e4hnlich, denn wir kommen immer nur sehr kleine St\u00fcckchen weiter. Aber das ist uns willkommen, da wir f\u00fcr jede Frage offen sind und uns gen\u00fcgend Zeit nehmen wollen. Anschlie\u00dfend gehen wir ins Caf\u00e9 und genie\u00dfen ein St\u00fcckchen Kuchen\u2026 <br>Es g\u00e4be noch so viele Ideen wie zum Beispiel ein Bastelnachmittag, Strickvormittag, Theatersonntag, Kochkurs, aber wir sind wirklich einfach nur beschenkt von all dem, was jetzt schon durch so viele Menschen erm\u00f6glicht wird! Vielen Dank. <\/p>\n\n\n\n<p>Herzliche Gr\u00fc\u00dfe<br>Ihre Anna Hofer<\/p>\n\n\n\n<p><a href=\"https:\/\/www.cg-koeln-ost.de\/start\/wp-content\/uploads\/2023\/10\/Gemeindeprogramm-Koeln-Ost-HW-2023-V2.pdf\">Download Gemeindeprogramm<\/a><\/p>\n","protected":false},"excerpt":{"rendered":"<p>Gemeindebrief  September 2023<\/p>\n","protected":false},"author":2,"featured_media":0,"comment_status":"closed","ping_status":"open","sticky":false,"template":"","format":"standard","meta":{"footnotes":""},"categories":[3],"tags":[],"class_list":["post-2974","post","type-post","status-publish","format-standard","hentry","category-aktuelles"],"_links":{"self":[{"href":"https:\/\/www.cg-koeln-ost.de\/start\/index.php?rest_route=\/wp\/v2\/posts\/2974","targetHints":{"allow":["GET"]}}],"collection":[{"href":"https:\/\/www.cg-koeln-ost.de\/start\/index.php?rest_route=\/wp\/v2\/posts"}],"about":[{"href":"https:\/\/www.cg-koeln-ost.de\/start\/index.php?rest_route=\/wp\/v2\/types\/post"}],"author":[{"embeddable":true,"href":"https:\/\/www.cg-koeln-ost.de\/start\/index.php?rest_route=\/wp\/v2\/users\/2"}],"replies":[{"embeddable":true,"href":"https:\/\/www.cg-koeln-ost.de\/start\/index.php?rest_route=%2Fwp%2Fv2%2Fcomments&post=2974"}],"version-history":[{"count":4,"href":"https:\/\/www.cg-koeln-ost.de\/start\/index.php?rest_route=\/wp\/v2\/posts\/2974\/revisions"}],"predecessor-version":[{"id":2990,"href":"https:\/\/www.cg-koeln-ost.de\/start\/index.php?rest_route=\/wp\/v2\/posts\/2974\/revisions\/2990"}],"wp:attachment":[{"href":"https:\/\/www.cg-koeln-ost.de\/start\/index.php?rest_route=%2Fwp%2Fv2%2Fmedia&parent=2974"}],"wp:term":[{"taxonomy":"category","embeddable":true,"href":"https:\/\/www.cg-koeln-ost.de\/start\/index.php?rest_route=%2Fwp%2Fv2%2Fcategories&post=2974"},{"taxonomy":"post_tag","embeddable":true,"href":"https:\/\/www.cg-koeln-ost.de\/start\/index.php?rest_route=%2Fwp%2Fv2%2Ftags&post=2974"}],"curies":[{"name":"wp","href":"https:\/\/api.w.org\/{rel}","templated":true}]}}