{"id":2930,"date":"2023-02-03T07:57:00","date_gmt":"2023-02-03T06:57:00","guid":{"rendered":"https:\/\/www.cg-koeln-ost.de\/start\/?p=2930"},"modified":"2023-06-04T08:19:00","modified_gmt":"2023-06-04T06:19:00","slug":"tagung-zu-pfingsten","status":"publish","type":"post","link":"https:\/\/www.cg-koeln-ost.de\/start\/?p=2930","title":{"rendered":"Tagung zu Pfingsten"},"content":{"rendered":"\n<p><strong>Bewegen \u2013 H\u00f6ren &#8211; Klingen<\/strong><\/p>\n\n\n\n<ul class=\"wp-block-list\">\n<li>Das Innerste h\u00f6rbar werden lassen im Verbund mit sich selbst und der Welt, damit die Flamme Raum hat sich zu entfalten.<\/li>\n\n\n\n<li>Begeisterung f\u00fcr sich selbst sp\u00fcren, damit Kraft f\u00fcr Gemeinschaft wachsen kann.<\/li>\n\n\n\n<li>H\u00f6ren auf das, was zu mir spricht, damit ich beginne zu verstehen<\/li>\n<\/ul>\n\n\n\n<p>Samstag 27. Mai bis Montag 29. Mai 2023<\/p>\n\n\n\n<p>Ort der Veranstaltung: <br>Christengemeinschaft K\u00f6ln-Ost<br>Hauswiesenweg 1<br>51069 K\u00f6ln, <\/p>\n\n\n\n<p><a href=\"https:\/\/www.cg-koeln-ost.de\/start\/wp-content\/uploads\/2023\/02\/Tagung-zu-Pfingsten.pdf\" target=\"_blank\" rel=\"noreferrer noopener\">Download: Tagungsprogramm<\/a><\/p>\n","protected":false},"excerpt":{"rendered":"<p>Eine Tagung zu Pfingsten mit Vital-Eurythmie, Ursang und Impulsgespr\u00e4chen<\/p>\n","protected":false},"author":2,"featured_media":0,"comment_status":"closed","ping_status":"open","sticky":false,"template":"","format":"standard","meta":{"footnotes":""},"categories":[3],"tags":[],"class_list":["post-2930","post","type-post","status-publish","format-standard","hentry","category-aktuelles"],"_links":{"self":[{"href":"https:\/\/www.cg-koeln-ost.de\/start\/index.php?rest_route=\/wp\/v2\/posts\/2930","targetHints":{"allow":["GET"]}}],"collection":[{"href":"https:\/\/www.cg-koeln-ost.de\/start\/index.php?rest_route=\/wp\/v2\/posts"}],"about":[{"href":"https:\/\/www.cg-koeln-ost.de\/start\/index.php?rest_route=\/wp\/v2\/types\/post"}],"author":[{"embeddable":true,"href":"https:\/\/www.cg-koeln-ost.de\/start\/index.php?rest_route=\/wp\/v2\/users\/2"}],"replies":[{"embeddable":true,"href":"https:\/\/www.cg-koeln-ost.de\/start\/index.php?rest_route=%2Fwp%2Fv2%2Fcomments&post=2930"}],"version-history":[{"count":2,"href":"https:\/\/www.cg-koeln-ost.de\/start\/index.php?rest_route=\/wp\/v2\/posts\/2930\/revisions"}],"predecessor-version":[{"id":2933,"href":"https:\/\/www.cg-koeln-ost.de\/start\/index.php?rest_route=\/wp\/v2\/posts\/2930\/revisions\/2933"}],"wp:attachment":[{"href":"https:\/\/www.cg-koeln-ost.de\/start\/index.php?rest_route=%2Fwp%2Fv2%2Fmedia&parent=2930"}],"wp:term":[{"taxonomy":"category","embeddable":true,"href":"https:\/\/www.cg-koeln-ost.de\/start\/index.php?rest_route=%2Fwp%2Fv2%2Fcategories&post=2930"},{"taxonomy":"post_tag","embeddable":true,"href":"https:\/\/www.cg-koeln-ost.de\/start\/index.php?rest_route=%2Fwp%2Fv2%2Ftags&post=2930"}],"curies":[{"name":"wp","href":"https:\/\/api.w.org\/{rel}","templated":true}]}}