{"id":2925,"date":"2023-02-03T08:48:50","date_gmt":"2023-02-03T07:48:50","guid":{"rendered":"https:\/\/www.cg-koeln-ost.de\/start\/?p=2925"},"modified":"2023-09-26T11:03:24","modified_gmt":"2023-09-26T09:03:24","slug":"gemeindebrief","status":"publish","type":"post","link":"https:\/\/www.cg-koeln-ost.de\/start\/?p=2925","title":{"rendered":"Gemeindebrief"},"content":{"rendered":"\n<p><strong>&nbsp;&nbsp;&nbsp;&nbsp;&nbsp;&nbsp;&nbsp;&nbsp;&nbsp;&nbsp;&nbsp;&nbsp;&nbsp;&nbsp;&nbsp;&nbsp;&nbsp;&nbsp;&nbsp;&nbsp;&nbsp;&nbsp;&nbsp;&nbsp;&nbsp;&nbsp;&nbsp;&nbsp;&nbsp;&nbsp;&nbsp;&nbsp;&nbsp;&nbsp;&nbsp;&nbsp;&nbsp; Januar 2023<\/strong><\/p>\n\n\n\n<p><strong>Liebe Mitglieder und Freunde!<\/strong><\/p>\n\n\n\n<p>Diesem Brief beigef\u00fcgt erhalten Sie das neue Gemeindeprogramm. Es gilt bis zu Michaeli im September 2023.<\/p>\n\n\n\n<p>Besonders hervorheben m\u00f6chte ich die <strong>f\u00fcnf Vortr\u00e4ge <\/strong>bis zum Sommer. Sie stehen weiterhin in Bezug zu dem gro\u00dfen Bogen, der sich seit der Tagung im August mit Herrn von Behr \u00fcber die Jahrhundertwende der Christengemeinschaft weiter fortsetzt bis Michaeli diesen Jahres und dadurch ein ganzes Jahr umspannt. Den H\u00f6hepunkt dieses Jubeljahres aber bilden wir selbst. Da es unsere Aufgabe ist, den Impuls von \u201edamals\u201c der Zukunft entgegen zu tragen. Jeder von uns hat in seinem Leben ein \u201edamals\u201c. Durch das tiefere Verst\u00e4ndnis der Sakramente und durch die F\u00e4higkeit hinzuh\u00f6ren auf das, was leise in uns spricht, kann auch etwas werden. Besonders hervorheben m\u00f6chte ich deswegen auch die <strong>Tagung an Pfingsten mit Martin van Emmichoven und Christiane Hagemann<\/strong>. Eine ausf\u00fchrlichere Beschreibung finden Sie auf dem ebenfalls beigef\u00fcgten Tagungsprogramm.<\/p>\n\n\n\n<p>Das Programm h\u00e4lt auch sonst einiges f\u00fcr Sie bereit. <strong>Annelie Larkin<\/strong>* wird mit uns die Biographien der <strong>vier ersten Erzoberlenker und ihre Impulse f\u00fcr die Christengemeinschaft<\/strong> an zwei Wochenenden betrachten. Es wird wieder <strong>Konzerte<\/strong> geben und ein buntes Angebot an <strong>Arbeitskreisen.<\/strong><\/p>\n\n\n\n<p>Neu hinzu gekommen ist das \u201e<strong>Singen in der Gemeinde<\/strong>\u201c. Jeder\/jede ist herzlich eingeladen zum gemeinsamen Liedersingen. Auch das Angebot des <strong>Philia-Caf\u00e9s<\/strong> wird immer bunter, und die Zusammenarbeit mit unseren Nachbarn immer enger. So k\u00f6nnen wir uns gegenseitig unterst\u00fctzen, begegnen und gegenseitig bereichern.<\/p>\n\n\n\n<p>Die <strong>Arbeit am Evangelium<\/strong> in Gummersbach hat eine Erneuerung erfahren: sie findet nun in einer umgebauten ehemaligen Tankstelle <strong>in Br\u00fccherm\u00fchle<\/strong> statt. Dort ist ein BIO-Laden und Caf\u00e9 eingerichtet, und wir treffen uns dort einmal im Monat. Das er\u00f6ffnet auch wieder andere Ber\u00fchrungspunkte mit der Welt au\u00dferhalb unserer Gemeinde.<\/p>\n\n\n\n<h3 class=\"wp-block-heading\"><strong>Kleiner R\u00fcckblick<\/strong><\/h3>\n\n\n\n<p>R\u00fcckblickend m\u00f6chte ich mich f\u00fcr das wunderbare <strong>Dreik\u00f6nigs-Singspiel<\/strong> bedanken, was mit so viel Vorbereitung w\u00e4hrend der Weihnachtszeit entstanden ist. Es waren zwei sehr sch\u00f6ne und innige Auff\u00fchrungen mit viel Besuch auch aus unserer direkten Nachbarschaft.<\/p>\n\n\n\n<p>Seit der Einf\u00fchrung in die Sonntagshandlung am 1. Advent letzten Jahres hat sich <strong>der Kreis der Kinder<\/strong> wieder ein kleines St\u00fcckchen erweitert, und wir haben eine neue Form gefunden, wie wir die Kinder noch besser empfangen k\u00f6nnen. Dass wir gemeinsam den Kelch bilden, der die Kinder so empf\u00e4ngt und tr\u00e4gt, dass sie sich wohl und geborgen f\u00fchlen k\u00f6nnen, das kann ein Mensch allein nicht schaffen. Dazu braucht es wirklich ein ganzes Dorf (eine ganze Gemeinde). Daf\u00fcr m\u00f6chte ich mich sehr herzlich bei Ihnen bedanken! &nbsp;<\/p>\n\n\n\n<p>Unsere Gemeinde hat sich aktiv an der gro\u00dfen <strong>LOGOS-Tagung<\/strong> in Dortmund beteiligt. Einige haben die Tage dort verbracht und haben den Eindruck der 2800 Menschen miterlebt. Anschlie\u00dfend konnten wir eine Gruppe von Spanisch-sprechenden Menschen f\u00fcr 2 Tage bei uns aufnehmen und in einen Austausch mit ihnen kommen. So konnte die LOGOS-Tagung auch noch bis in die pers\u00f6nliche Begegnung herein leuchten. Die Tagung ist zwar vorbei, aber es gibt weiterhin Podcasts und Vortr\u00e4ge (siehe weitere Information im Anschluss).<\/p>\n\n\n\n<p>Es g\u00e4be noch vieles zu berichten, auch von unserem <strong>Fest beider Gemeinden<\/strong>, von den Konzerten, die wir hatten, und den Gespr\u00e4chen sowohl in den Kreisen, wie auch zwischen T\u00fcr und Angel, aber es ist kaum in Worte zu fassen. Ich hoffe, wir sehen uns im Verlauf des Jahres bei unterschiedlichen Gelegenheiten und w\u00fcnsche Ihnen alles Gute.<\/p>\n\n\n\n<p>Herzliche Gr\u00fc\u00dfe<br>Ihre<br>Anna Hofer<\/p>\n\n\n\n<h3 class=\"wp-block-heading\"><strong>Die LOGOS-edition im ersten Jahr des neuen Jahrhunderts der Christengemeinschaft:<\/strong><\/h3>\n\n\n\n<p>Auf der LOGOS-Tagung in Dortmund entstand die Idee, ausgew\u00e4hlte Vortr\u00e4ge als eine kleine aber gediegene Edition im Verlag Urachhaus herauszubringen. So k\u00f6nnen Sie, wenn Sie selber auf der Tagung waren, die Inhalte nochmals in Ruhe lesen. Wenn Sie auf der Suche nach einem kleinen Geschenk sind, dann eignen sich diese Vortr\u00e4ge hervorragend, um Menschen aus Ihrem Umkreis auf die Christengemeinschaft und die Inhalte der Tagung hinzuweisen.<\/p>\n\n\n\n<p>Ab sofort und in den n\u00e4chsten Monaten bis ca. Sommer\/Michaeli 2023 werden nacheinander die Vortr\u00e4ge herausgegeben und k\u00f6nnen \u00fcber den&nbsp;<strong>Verlag Urachhaus&nbsp; <\/strong>&nbsp;<a href=\"http:\/\/www.urachhaus.de\/\">www.urachhaus.de<\/a>&nbsp;von Ihnen bezogen werden. Oder aber nat\u00fcrlich auch \u00fcber jede Buchhandlung.<\/p>\n\n\n\n<p>Viele<strong>&nbsp;Informationen<\/strong>&nbsp;zur Tagung&nbsp;<em>LOGOS \u2013 Consecrating Humanity<\/em>&nbsp;finden Sie auch weiterhin auf der Tagungs-Website:&nbsp;<a href=\"https:\/\/cg-2022.org\/\">https:\/\/cg-2022.org\/<\/a><\/p>\n\n\n\n<p>Die&nbsp;<strong>Podcasts<\/strong>&nbsp;vor und nach der Tagung:<\/p>\n\n\n\n<p>H\u00f6ren Sie auch in die spannende Podcastreihe zur Tagung und zur Zukunft der Christengemeinschaft hinein. Die Logos Podcast Initiative hat am 22. Februar 2021 ihren ersten Podcast online gestellt. Es sind als Vorbereitung der Tagung insgesamt 20 Podcasts von ungef\u00e4hr 22 min. ver\u00f6ffentlicht worden, in deutscher und englischer Sprache. Nach der Tagung werden ausgew\u00e4hlte Vortr\u00e4ge ebenfalls als Podcast zu h\u00f6ren sein.<\/p>\n\n\n\n<p>Logos \u2013 Podcast:&nbsp;<a rel=\"noreferrer noopener\" href=\"https:\/\/soundcloud.com\/user-895241549\" target=\"_blank\"><\/a><a rel=\"noreferrer noopener\" href=\"https:\/\/soundcloud.com\/user-895241549\" target=\"_blank\">https:\/\/soundcloud.com\/user-895241549<\/a><\/p>\n\n\n\n<h3 class=\"wp-block-heading\"><strong>Singen in der Gemeinde<\/strong><\/h3>\n\n\n\n<p>NEU in unserem Programm:<\/p>\n\n\n\n<p>Gemeinsames Singen macht Freude. Das, und die Umsetzung des Dreik\u00f6nigs-Singspiels ergeben zusammen die Motivation, durch das Jahr&nbsp; hindurch immer mal wieder zu singen. Was wir singen werden, wird ein buntgemischter Strau\u00df an Liedern aus dem weiten Umkreis der Gemeinde sein.<\/p>\n\n\n\n<p>Ich wei\u00df noch nicht, wohin es uns f\u00fchren und was daraus werden wird, aber ich m\u00f6chte sehr gerne mit Ihnen singen. Die Daten finden Sie im Programm. &nbsp;&nbsp;&nbsp;&nbsp;&nbsp;&nbsp;&nbsp;&nbsp;&nbsp;&nbsp;&nbsp;&nbsp;&nbsp;&nbsp;&nbsp;&nbsp;&nbsp;&nbsp;&nbsp;&nbsp;&nbsp;&nbsp;&nbsp; <br>Kontakt: Anna Hofer<\/p>\n\n\n\n<p><a rel=\"noreferrer noopener\" href=\"https:\/\/www.cg-koeln-ost.de\/start\/wp-content\/uploads\/2023\/02\/Tagung-zu-Pfingsten.pdf\" target=\"_blank\">Download: Tagungsprogramm<\/a><\/p>\n\n\n\n<p><a rel=\"noreferrer noopener\" href=\"https:\/\/www.cg-koeln-ost.de\/start\/wp-content\/uploads\/2023\/02\/2023-bis-September-Kinder-Familie-Konfirmation.pdf\" target=\"_blank\">Download: Das Programm f\u00fcr Kinder und Familien<\/a><\/p>\n\n\n\n<p><a rel=\"noreferrer noopener\" href=\"https:\/\/www.cg-koeln-ost.de\/start\/wp-content\/uploads\/2023\/02\/Tagung-zu-Pfingsten.pdf\" target=\"_blank\">Download: Tagung zu Pfingsten<\/a><\/p>\n","protected":false},"excerpt":{"rendered":"<p>Gemeindebrief Januar 2023<\/p>\n","protected":false},"author":2,"featured_media":0,"comment_status":"closed","ping_status":"open","sticky":false,"template":"","format":"standard","meta":{"footnotes":""},"categories":[3],"tags":[],"class_list":["post-2925","post","type-post","status-publish","format-standard","hentry","category-aktuelles"],"_links":{"self":[{"href":"https:\/\/www.cg-koeln-ost.de\/start\/index.php?rest_route=\/wp\/v2\/posts\/2925","targetHints":{"allow":["GET"]}}],"collection":[{"href":"https:\/\/www.cg-koeln-ost.de\/start\/index.php?rest_route=\/wp\/v2\/posts"}],"about":[{"href":"https:\/\/www.cg-koeln-ost.de\/start\/index.php?rest_route=\/wp\/v2\/types\/post"}],"author":[{"embeddable":true,"href":"https:\/\/www.cg-koeln-ost.de\/start\/index.php?rest_route=\/wp\/v2\/users\/2"}],"replies":[{"embeddable":true,"href":"https:\/\/www.cg-koeln-ost.de\/start\/index.php?rest_route=%2Fwp%2Fv2%2Fcomments&post=2925"}],"version-history":[{"count":4,"href":"https:\/\/www.cg-koeln-ost.de\/start\/index.php?rest_route=\/wp\/v2\/posts\/2925\/revisions"}],"predecessor-version":[{"id":2976,"href":"https:\/\/www.cg-koeln-ost.de\/start\/index.php?rest_route=\/wp\/v2\/posts\/2925\/revisions\/2976"}],"wp:attachment":[{"href":"https:\/\/www.cg-koeln-ost.de\/start\/index.php?rest_route=%2Fwp%2Fv2%2Fmedia&parent=2925"}],"wp:term":[{"taxonomy":"category","embeddable":true,"href":"https:\/\/www.cg-koeln-ost.de\/start\/index.php?rest_route=%2Fwp%2Fv2%2Fcategories&post=2925"},{"taxonomy":"post_tag","embeddable":true,"href":"https:\/\/www.cg-koeln-ost.de\/start\/index.php?rest_route=%2Fwp%2Fv2%2Ftags&post=2925"}],"curies":[{"name":"wp","href":"https:\/\/api.w.org\/{rel}","templated":true}]}}