{"id":2492,"date":"2020-05-20T19:54:07","date_gmt":"2020-05-20T17:54:07","guid":{"rendered":"https:\/\/www.cg-koeln-ost.de\/start\/?p=2492"},"modified":"2020-05-20T20:01:50","modified_gmt":"2020-05-20T18:01:50","slug":"festausgabe-himmelfahrt","status":"publish","type":"post","link":"https:\/\/www.cg-koeln-ost.de\/start\/?p=2492","title":{"rendered":"Festausgabe Himmelfahrt"},"content":{"rendered":"\n<p><strong>Liebe Mitglieder und Freunde der Christengemeinschaft!<\/strong><\/p>\n\n\n\n<p>Mit dieser Ausgabe erhalten Sie die\nPerikope, welche zu Himmelfahrt gelesen wird und auch die Beschreibung aus der\nApostelgeschichte. In dieser wird den J\u00fcngern die Frage gestellt: Was steht ihr\nda und blickt zum Himmel? <\/p>\n\n\n\n<p>Und die M\u00e4nner aus Galil\u00e4a erhalten einen\nHinweis: Der, der von euch weg in den Himmel erhoben ward, er wird kommen in\nderselben Art, wie ihr ihn jetzt dem Himmel sich verbinden saht. <\/p>\n\n\n\n<p>Mit was f\u00fcr Augen m\u00fcssen wir zum Himmel\nblicken um zu verstehen? Und wie m\u00fcssen wir zur Erde, in die Welt blicken, um\nihn da wieder zu finden? <\/p>\n\n\n\n<p>Wir sind heute nicht wie die M\u00e4nner aus\nGalil\u00e4a. Wir blicken zum Himmel und stellen uns diesen Fragen mit einem offenen\nHerzen gegen\u00fcber. <\/p>\n\n\n\n<p>Manch einer entdeckt auf diese Weise \u00fcber\ndie Jahre vieles, was sich dort oben abzeichnet und kommt so zu der Aussage: Es\nist ein richtiger Himmelfahrtshimmel. Ja, das kann man sehen. Auch in diesem\nJahr.<\/p>\n\n\n\n<p>Ich w\u00fcnsche Ihnen viele freie Aussichten\nzum Himmel und sternklare N\u00e4chte. <\/p>\n\n\n\n<p><strong>Ihre Anna Hofer <\/strong><\/p>\n\n\n\n<p>Beilagen:\n<\/p>\n\n\n\n<ul class=\"wp-block-list\"><li><a href=\"https:\/\/www.cg-koeln-ost.de\/start\/?p=2493\">Evangelium zu Himmelfahrt<\/a><\/li><li><a href=\"https:\/\/www.cg-koeln-ost.de\/start\/?p=2496\">Text von Georg Drei\u00dfig <\/a><\/li><li><a href=\"https:\/\/www.cg-koeln-ost.de\/start\/?p=2499\">Geschichte von Georg Drei\u00dfig <\/a><\/li><\/ul>\n\n\n\n<p><strong>PS:<\/strong> Die Voranmeldungen zur Menschenweihehandlung an den Sonntagen und Feiertagen ist organisatorisch relativ aufwendig und f\u00fcr uns alle wenig erfreulich. Ich m\u00f6chte Sie an dieser Stelle daran erinnern, dass wir dies letztlich nur tun, weil wir weniger Pl\u00e4tze zur Verf\u00fcgung haben.  Bitte melden Sie sich deshalb bis sp\u00e4testens um 18:00 Uhr am Vortag bei Frau Schubert. Danke.  <\/p>\n\n\n\n<p><a href=\"https:\/\/www.cg-koeln-ost.de\/start\/wp-content\/uploads\/2020\/05\/Festausgabe-Himmelfahrt.pdf\">Download Festausgabe Himmelfahrt<\/a><\/p>\n\n\n\n<div class=\"wp-block-image\"><figure class=\"aligncenter size-large\"><img loading=\"lazy\" decoding=\"async\" width=\"304\" height=\"400\" src=\"https:\/\/www.cg-koeln-ost.de\/start\/wp-content\/uploads\/2020\/05\/IMG_8352.jpg\" alt=\"\" class=\"wp-image-2502\" srcset=\"https:\/\/www.cg-koeln-ost.de\/start\/wp-content\/uploads\/2020\/05\/IMG_8352.jpg 304w, https:\/\/www.cg-koeln-ost.de\/start\/wp-content\/uploads\/2020\/05\/IMG_8352-228x300.jpg 228w, https:\/\/www.cg-koeln-ost.de\/start\/wp-content\/uploads\/2020\/05\/IMG_8352-220x290.jpg 220w\" sizes=\"auto, (max-width: 304px) 100vw, 304px\" \/><\/figure><\/div>\n","protected":false},"excerpt":{"rendered":"<p>Liebe Mitglieder und Freunde der Christengemeinschaft! Mit dieser Ausgabe erhalten Sie die Perikope, welche zu Himmelfahrt gelesen wird und auch die Beschreibung aus der Apostelgeschichte. In dieser wird den J\u00fcngern die Frage gestellt: Was steht ihr da und blickt zum Himmel? Und die M\u00e4nner aus Galil\u00e4a erhalten einen Hinweis: Der, der von euch weg in [&hellip;]<\/p>\n","protected":false},"author":2,"featured_media":0,"comment_status":"closed","ping_status":"open","sticky":false,"template":"","format":"standard","meta":{"footnotes":""},"categories":[3],"tags":[],"class_list":["post-2492","post","type-post","status-publish","format-standard","hentry","category-aktuelles"],"_links":{"self":[{"href":"https:\/\/www.cg-koeln-ost.de\/start\/index.php?rest_route=\/wp\/v2\/posts\/2492","targetHints":{"allow":["GET"]}}],"collection":[{"href":"https:\/\/www.cg-koeln-ost.de\/start\/index.php?rest_route=\/wp\/v2\/posts"}],"about":[{"href":"https:\/\/www.cg-koeln-ost.de\/start\/index.php?rest_route=\/wp\/v2\/types\/post"}],"author":[{"embeddable":true,"href":"https:\/\/www.cg-koeln-ost.de\/start\/index.php?rest_route=\/wp\/v2\/users\/2"}],"replies":[{"embeddable":true,"href":"https:\/\/www.cg-koeln-ost.de\/start\/index.php?rest_route=%2Fwp%2Fv2%2Fcomments&post=2492"}],"version-history":[{"count":3,"href":"https:\/\/www.cg-koeln-ost.de\/start\/index.php?rest_route=\/wp\/v2\/posts\/2492\/revisions"}],"predecessor-version":[{"id":2507,"href":"https:\/\/www.cg-koeln-ost.de\/start\/index.php?rest_route=\/wp\/v2\/posts\/2492\/revisions\/2507"}],"wp:attachment":[{"href":"https:\/\/www.cg-koeln-ost.de\/start\/index.php?rest_route=%2Fwp%2Fv2%2Fmedia&parent=2492"}],"wp:term":[{"taxonomy":"category","embeddable":true,"href":"https:\/\/www.cg-koeln-ost.de\/start\/index.php?rest_route=%2Fwp%2Fv2%2Fcategories&post=2492"},{"taxonomy":"post_tag","embeddable":true,"href":"https:\/\/www.cg-koeln-ost.de\/start\/index.php?rest_route=%2Fwp%2Fv2%2Ftags&post=2492"}],"curies":[{"name":"wp","href":"https:\/\/api.w.org\/{rel}","templated":true}]}}