{"id":1595,"date":"2016-10-17T13:54:07","date_gmt":"2016-10-17T13:54:07","guid":{"rendered":"http:\/\/www.cg-koeln-ost.de\/start\/?p=1595"},"modified":"2016-10-17T13:54:07","modified_gmt":"2016-10-17T13:54:07","slug":"anthroposphische-sterbebegleitung-4-thementag","status":"publish","type":"post","link":"https:\/\/www.cg-koeln-ost.de\/start\/?p=1595","title":{"rendered":"Anthroposphische Sterbebegleitung 4. Thementag"},"content":{"rendered":"<p>Liebe Freunde und Mitglieder der Christengemeinschaft,<br \/>\nwir m\u00f6chten Sie auf eine Veranstaltung der Christengemeinschaft K\u00f6ln-Weyertal aufmerksam machen zum Thema: Anthroposophische Sterbebegleitung.<br \/>\nHerzliche Gr\u00fc\u00dfe<br \/>\nIhre Gemeinde K\u00f6ln-Ost<\/p>\n<p><strong>Sterbebegleitung ist Lebensbegleitung<\/strong><\/p>\n<p>am Samstag, den 5. Nov. von 11.30 h bis 17.15 h<br \/>\nOrt: Christengemeinschaft K\u00f6ln-Mitte, Weyertal<\/p>\n","protected":false},"excerpt":{"rendered":"<p>Liebe Freunde und Mitglieder der Christengemeinschaft, wir m\u00f6chten Sie auf eine Veranstaltung der Christengemeinschaft K\u00f6ln-Weyertal aufmerksam machen zum Thema: Anthroposophische Sterbebegleitung. Herzliche Gr\u00fc\u00dfe Ihre Gemeinde K\u00f6ln-Ost Sterbebegleitung ist Lebensbegleitung am Samstag, den 5. Nov. von 11.30 h bis 17.15 h Ort: Christengemeinschaft K\u00f6ln-Mitte, Weyertal<\/p>\n","protected":false},"author":1,"featured_media":0,"comment_status":"closed","ping_status":"open","sticky":false,"template":"","format":"standard","meta":{"footnotes":""},"categories":[3,1],"tags":[5,283],"class_list":["post-1595","post","type-post","status-publish","format-standard","hentry","category-aktuelles","category-arbeitskreise","tag-arbeitskreis","tag-sterbebegleitung"],"_links":{"self":[{"href":"https:\/\/www.cg-koeln-ost.de\/start\/index.php?rest_route=\/wp\/v2\/posts\/1595","targetHints":{"allow":["GET"]}}],"collection":[{"href":"https:\/\/www.cg-koeln-ost.de\/start\/index.php?rest_route=\/wp\/v2\/posts"}],"about":[{"href":"https:\/\/www.cg-koeln-ost.de\/start\/index.php?rest_route=\/wp\/v2\/types\/post"}],"author":[{"embeddable":true,"href":"https:\/\/www.cg-koeln-ost.de\/start\/index.php?rest_route=\/wp\/v2\/users\/1"}],"replies":[{"embeddable":true,"href":"https:\/\/www.cg-koeln-ost.de\/start\/index.php?rest_route=%2Fwp%2Fv2%2Fcomments&post=1595"}],"version-history":[{"count":1,"href":"https:\/\/www.cg-koeln-ost.de\/start\/index.php?rest_route=\/wp\/v2\/posts\/1595\/revisions"}],"predecessor-version":[{"id":1596,"href":"https:\/\/www.cg-koeln-ost.de\/start\/index.php?rest_route=\/wp\/v2\/posts\/1595\/revisions\/1596"}],"wp:attachment":[{"href":"https:\/\/www.cg-koeln-ost.de\/start\/index.php?rest_route=%2Fwp%2Fv2%2Fmedia&parent=1595"}],"wp:term":[{"taxonomy":"category","embeddable":true,"href":"https:\/\/www.cg-koeln-ost.de\/start\/index.php?rest_route=%2Fwp%2Fv2%2Fcategories&post=1595"},{"taxonomy":"post_tag","embeddable":true,"href":"https:\/\/www.cg-koeln-ost.de\/start\/index.php?rest_route=%2Fwp%2Fv2%2Ftags&post=1595"}],"curies":[{"name":"wp","href":"https:\/\/api.w.org\/{rel}","templated":true}]}}