{"id":1079,"date":"2014-04-29T09:41:40","date_gmt":"2014-04-29T09:41:40","guid":{"rendered":"http:\/\/www.cg-koeln-ost.de\/start\/?p=1079"},"modified":"2014-04-29T09:41:40","modified_gmt":"2014-04-29T09:41:40","slug":"das-gespraechsforum-di-den-6-mai-faellt-aus","status":"publish","type":"post","link":"https:\/\/www.cg-koeln-ost.de\/start\/?p=1079","title":{"rendered":"Das Gespr\u00e4chsforum am Di., den 6. Mai f\u00e4llt aus"},"content":{"rendered":"<p>&#8211; Das Gespr\u00e4chsforum am Di., den 6. Mai findet nicht mehr statt, da Frau Dr. Schulte-Ostermann am 27.April verabschiedet wurde.<\/p>\n","protected":false},"excerpt":{"rendered":"<p>&#8211; Das Gespr\u00e4chsforum am Di., den 6. Mai findet nicht mehr statt, da Frau Dr. Schulte-Ostermann am 27.April verabschiedet wurde.<\/p>\n","protected":false},"author":1,"featured_media":0,"comment_status":"closed","ping_status":"open","sticky":false,"template":"","format":"standard","meta":{"footnotes":""},"categories":[3],"tags":[],"class_list":["post-1079","post","type-post","status-publish","format-standard","hentry","category-aktuelles"],"_links":{"self":[{"href":"https:\/\/www.cg-koeln-ost.de\/start\/index.php?rest_route=\/wp\/v2\/posts\/1079","targetHints":{"allow":["GET"]}}],"collection":[{"href":"https:\/\/www.cg-koeln-ost.de\/start\/index.php?rest_route=\/wp\/v2\/posts"}],"about":[{"href":"https:\/\/www.cg-koeln-ost.de\/start\/index.php?rest_route=\/wp\/v2\/types\/post"}],"author":[{"embeddable":true,"href":"https:\/\/www.cg-koeln-ost.de\/start\/index.php?rest_route=\/wp\/v2\/users\/1"}],"replies":[{"embeddable":true,"href":"https:\/\/www.cg-koeln-ost.de\/start\/index.php?rest_route=%2Fwp%2Fv2%2Fcomments&post=1079"}],"version-history":[{"count":1,"href":"https:\/\/www.cg-koeln-ost.de\/start\/index.php?rest_route=\/wp\/v2\/posts\/1079\/revisions"}],"predecessor-version":[{"id":1080,"href":"https:\/\/www.cg-koeln-ost.de\/start\/index.php?rest_route=\/wp\/v2\/posts\/1079\/revisions\/1080"}],"wp:attachment":[{"href":"https:\/\/www.cg-koeln-ost.de\/start\/index.php?rest_route=%2Fwp%2Fv2%2Fmedia&parent=1079"}],"wp:term":[{"taxonomy":"category","embeddable":true,"href":"https:\/\/www.cg-koeln-ost.de\/start\/index.php?rest_route=%2Fwp%2Fv2%2Fcategories&post=1079"},{"taxonomy":"post_tag","embeddable":true,"href":"https:\/\/www.cg-koeln-ost.de\/start\/index.php?rest_route=%2Fwp%2Fv2%2Ftags&post=1079"}],"curies":[{"name":"wp","href":"https:\/\/api.w.org\/{rel}","templated":true}]}}